{"id":766,"date":"2020-10-28T09:12:05","date_gmt":"2020-10-28T07:12:05","guid":{"rendered":"https:\/\/tws-kahr.at\/?p=766"},"modified":"2020-11-02T09:31:05","modified_gmt":"2020-11-02T07:31:05","slug":"handwerk-vom-tischler-ausgezeichnet-mit-dem-hobel","status":"publish","type":"post","link":"https:\/\/www.tws-kahr.at\/?p=766","title":{"rendered":"Wir sind REGIONAL(it\u00e4tspreis) 2020"},"content":{"rendered":"<h2>HANDWERK vom Tischler, ausgezeichnet mit dem Hobel.<\/h2>\n<p>Und nicht nur das, den <strong>WOCHE Regionalit\u00e4tspreis 2020<\/strong> in der Kategorie Wirtschaft &amp; Digitalisierung aus dem Bezirk Graz-Umgebung holte sich das Schwesternduo der Tischlerwerkst\u00e4tte Peter Kahr GmbH nach Semriach.<\/p>\n<p><strong>Steirisches Handwerk.<\/strong> Seit 44 Jahren wird n\u00f6rdlich von Graz, genauer gesagt in der Neudorfstra\u00dfe 20 in Semriach <strong>meisterhafte Handwerkskunst<\/strong> betrieben \u2013 die Tischlerwerkst\u00e4tte Peter Kahr GmbH verwirklicht mit seit Generationen regional verwurzelten Mitarbeitern Wohntr\u00e4ume aus vorwiegend heimischen H\u00f6lzern. Seit \u00fcber 10 Jahren f\u00fchrt die zweite Generation die Geschicke des Unternehmens \u2013 <strong><em>Martina und Katrin Kahr<\/em><\/strong>, die T\u00f6chter des Gr\u00fcnders Peter Kahr f\u00fchren das Unternehmen in die Zukunft.<\/p>\n<p>Rund 30 Lehrlinge wurden in dieser Zeit ausgebildet, Martina Kahr f\u00fchrt diese Tradition als Tischlermeisterin und stellvertretende Landesinnungsmeisterin fort, w\u00e4hrend Katrin Kahr die finanziellen und organisatorischen Geschicke des Familienunternehmens leitet.<\/p>\n<p><strong>Wir lieben Holz.<\/strong> Seit Anbeginn unserer Geschichte. Tischlerhandwerk erz\u00e4hlt eine einzigartige Geschichte \u2013 von der Lust am Gestalten unseres Lebensraumes mit einzigartigen Dingen. Das <strong><em>Symbol des Hobels<\/em><\/strong> steht f\u00fcr diese Haltung, <strong><em>einzigartige M\u00f6belst\u00fccke zu schaffen<\/em><\/strong> und damit unser Leben nachhaltig zu bereichern. Mit Leidenschaft, Fachkompetenz und Engagement der Unternehmensf\u00fchrung und aller Mitarbeiter gelingt es der Tischlerwerkst\u00e4tte, diese wertvolle Haltung jeden Tag aufs Neue zu leben.<\/p>\n<p><strong>Regionalit\u00e4t steht im Hause Kahr hoch im Kurs.<\/strong> \u201eUnsere Heimat, die Region rund um Semriach ist unsere Ausgangsbasis, nahezu alle Mitarbeiter leben in der unmittelbaren Umgebung und halten so die <strong><em>Wertsch\u00f6pfung f\u00fcr und in der Region<\/em><\/strong>.<\/p>\n<p>Gleichzeitig arbeiten wir durch unsere Spezialisierung auf die Ausstattung von B\u00e4ckereien, Fleischereien und anderen Ladeneinrichtungen in ganz \u00d6sterreich, mehrere Auftr\u00e4ge f\u00fchrten uns in benachbarte europ\u00e4ische L\u00e4nder.<\/p>\n<p>Gemeinsam mit unseren Partnerbetrieben und regionalen Zulieferern verteilen sich unsere Werke so \u00fcber ein Gebiet, welches weit \u00fcber Semriach und die Steiermark hinausgeht, nur erm\u00f6glicht durch eine starke <strong><em>regionale Verwurzelung<\/em><\/strong> und einem funktionierenden <strong><em>regionalen Netzwerk<\/em><\/strong>.\u201c, berichten die beiden Gesch\u00e4ftsf\u00fchrerinnen mit viel Leidenschaft und Engagement \u00fcber ihr t\u00e4gliches Handwerk.<\/p>\n<h2><strong>Mehr dazu in der WOCHE Graz-Umgebung Nord vom 28.10.2020:<\/strong><\/h2>\n<p><a href=\"https:\/\/tws-kahr.at\/?attachment_id=768\" rel=\"attachment wp-att-768\"><img loading=\"lazy\" decoding=\"async\" class=\"alignnone size-large wp-image-768\" src=\"https:\/\/tws-kahr.at\/wp-content\/uploads\/2020\/11\/Woche-GU-Regionalit\u00e4tspreis2020-586x1030.jpg\" alt=\"\" width=\"586\" height=\"1030\" srcset=\"https:\/\/www.tws-kahr.at\/wp-content\/uploads\/2020\/11\/Woche-GU-Regionalit\u00e4tspreis2020-586x1030.jpg 586w, https:\/\/www.tws-kahr.at\/wp-content\/uploads\/2020\/11\/Woche-GU-Regionalit\u00e4tspreis2020-171x300.jpg 171w, https:\/\/www.tws-kahr.at\/wp-content\/uploads\/2020\/11\/Woche-GU-Regionalit\u00e4tspreis2020-768x1351.jpg 768w, https:\/\/www.tws-kahr.at\/wp-content\/uploads\/2020\/11\/Woche-GU-Regionalit\u00e4tspreis2020-45x80.jpg 45w, https:\/\/www.tws-kahr.at\/wp-content\/uploads\/2020\/11\/Woche-GU-Regionalit\u00e4tspreis2020-873x1536.jpg 873w, https:\/\/www.tws-kahr.at\/wp-content\/uploads\/2020\/11\/Woche-GU-Regionalit\u00e4tspreis2020-1165x2048.jpg 1165w, https:\/\/www.tws-kahr.at\/wp-content\/uploads\/2020\/11\/Woche-GU-Regionalit\u00e4tspreis2020-1280x2251.jpg 1280w, https:\/\/www.tws-kahr.at\/wp-content\/uploads\/2020\/11\/Woche-GU-Regionalit\u00e4tspreis2020-scaled.jpg 1456w\" sizes=\"auto, (max-width: 586px) 100vw, 586px\" \/><\/a><\/p>\n","protected":false},"excerpt":{"rendered":"<p>HANDWERK vom Tischler, ausgezeichnet mit dem Hobel. Und nicht nur das, den WOCHE Regionalit\u00e4tspreis 2020 in der Kategorie Wirtschaft &amp; Digitalisierung aus dem Bezirk Graz-Umgebung holte sich das Schwesternduo der Tischlerwerkst\u00e4tte Peter Kahr GmbH nach Semriach. Steirisches Handwerk. Seit 44 Jahren wird n\u00f6rdlich von Graz, genauer gesagt in der Neudorfstra\u00dfe 20 in Semriach meisterhafte Handwerkskunst betrieben \u2013 die Tischlerwerkst\u00e4tte Peter [&hellip;]<\/p>\n","protected":false},"author":2,"featured_media":765,"comment_status":"closed","ping_status":"closed","sticky":false,"template":"","format":"standard","meta":{"footnotes":""},"categories":[1],"tags":[],"class_list":["post-766","post","type-post","status-publish","format-standard","has-post-thumbnail","hentry","category-allgemein"],"_links":{"self":[{"href":"https:\/\/www.tws-kahr.at\/index.php?rest_route=\/wp\/v2\/posts\/766","targetHints":{"allow":["GET"]}}],"collection":[{"href":"https:\/\/www.tws-kahr.at\/index.php?rest_route=\/wp\/v2\/posts"}],"about":[{"href":"https:\/\/www.tws-kahr.at\/index.php?rest_route=\/wp\/v2\/types\/post"}],"author":[{"embeddable":true,"href":"https:\/\/www.tws-kahr.at\/index.php?rest_route=\/wp\/v2\/users\/2"}],"replies":[{"embeddable":true,"href":"https:\/\/www.tws-kahr.at\/index.php?rest_route=%2Fwp%2Fv2%2Fcomments&post=766"}],"version-history":[{"count":7,"href":"https:\/\/www.tws-kahr.at\/index.php?rest_route=\/wp\/v2\/posts\/766\/revisions"}],"predecessor-version":[{"id":774,"href":"https:\/\/www.tws-kahr.at\/index.php?rest_route=\/wp\/v2\/posts\/766\/revisions\/774"}],"wp:featuredmedia":[{"embeddable":true,"href":"https:\/\/www.tws-kahr.at\/index.php?rest_route=\/wp\/v2\/media\/765"}],"wp:attachment":[{"href":"https:\/\/www.tws-kahr.at\/index.php?rest_route=%2Fwp%2Fv2%2Fmedia&parent=766"}],"wp:term":[{"taxonomy":"category","embeddable":true,"href":"https:\/\/www.tws-kahr.at\/index.php?rest_route=%2Fwp%2Fv2%2Fcategories&post=766"},{"taxonomy":"post_tag","embeddable":true,"href":"https:\/\/www.tws-kahr.at\/index.php?rest_route=%2Fwp%2Fv2%2Ftags&post=766"}],"curies":[{"name":"wp","href":"https:\/\/api.w.org\/{rel}","templated":true}]}}